{"id":5283,"date":"2025-05-13T12:20:45","date_gmt":"2025-05-13T10:20:45","guid":{"rendered":"https:\/\/terminal-festival.com\/?p=5283"},"modified":"2025-05-13T12:23:34","modified_gmt":"2025-05-13T10:23:34","slug":"masacrade","status":"publish","type":"post","link":"https:\/\/terminal-festival.com\/en\/masacrade\/","title":{"rendered":"Masacrade"},"content":{"rendered":"<p>Compagnia: <b>Marcel et ses dr\u00f4les de femmes (France)<\/b><\/p>\n<p><b>Friday, 20 June \u2013 8:00 pm<br \/>\n<\/b><b>Saturday, 21 June \u2013 8:00 pm<br \/>\n<\/b>Park \u2013 Outdoors \u2013 Big stunts<\/p>\n<p><b>Free admission, no reservation needed<br \/>\n<\/b>* Duration: <b>45 minutes<\/b><b><br \/>\n<\/b>* Recommended age: <b>for all ages<\/b><\/p>\n<p><b>Masacrade<\/b> is an acrobatic tragic-comedy in 7 acts for 1 mini-flying trapeze, 3 performers, 25 costumes, and a pyromaniac stage manager. It is a hilarious show, humorous yet poignantly deep, that skilfully intertwines high-flying acrobatics and theatrical flair. How to find the meaning of death in order to give meaning to life. Or how to find meaning in life by training yourself to die before you die\u2026<\/p>\n<p>Ang\u00e8le Guilbaud, Marine Fourteau and Marcel Vidal co-direct the company <b>Marcel et ses Dr\u00f4les de Femmes<\/b>, created in 2013 with Liza Lapert on graduating from the Centre National des Arts du Cirque de Ch\u00e2lons-en-Champagne. Their attempt: to reveal, with humour and sensibility, the absurd complexities of human lives that never cease to amaze us, with a raw and impudent circus that questions the senselessness of movement.<\/p>\n<p><b>Credits<br \/>\n<\/b>Writing and performing: Marine Fourteau, Ang\u00e8le Guilbaud, Marcel Vidal Castells<br \/>\nWriting and sound: Th\u00e9o Godefroid<br \/>\nWriting and dramaturgy: Claire Schumm<br \/>\nStage management: Thomas Bar\u00e9s or Marius Ollagnier<br \/>\nCircus coach: Jordi Montmany Vioque<br \/>\nCostumes: Bastien Poncelet<br \/>\nVideo: Pierre Barbier<br \/>\nAdministration: Chlo\u00e9 Delpierre<br \/>\nProduction &amp; booking: Emilie Dubois<br \/>\nProduction: Marcel et ses Dr\u00f4les de Femmes<br \/>\nCo-productions and residencies: Th\u00e9\u00e2tre ONYX, Sc\u00e8ne conventIonn\u00e9e &#8211; St Herblain \u2022 Nil Obstrat \u2013 Nil Admirari &#8211; Saint Ouen l\u2019Aum\u00f4ne \u2022 Atelier 231, Centre National des Arts de la Rue et de l&#8217;Espace Public \u2013 Sotteville-les-rouen \u2022 La Cascade, P\u00f4le National Cirque &#8211; P\u00f4le National Cirque Ard\u00e8che &#8211; Auvergne &#8211; Auvergne-Rh\u00f4nes- Alpes \u2022 Le Palc, P\u00f4le National Cirque Grand Est \u2013 Chalon-en-Champagne \u2022 L&#8217;\u00c9clat, Sc\u00e8ne Conventionn\u00e9e d&#8217;int\u00e9r\u00eat national . Art, enfance, jeunesse .\u2022 Plateforme 2 P\u00f4les Cirque en Normandie \/ La Br\u00e8che Cherbourg et le Cirque-Th\u00e9\u00e2tre d\u2019Elbeuf CIRCa, P\u00f4le National Cirque Auch Occitanie \u2022 Le Plongeoir- P\u00f4le Cirque Le Mans \u2022 Miramiro &#8211; Gand (BE) Th\u00e9\u00e2tre Wolubilis &#8211; Bruxelles<br \/>\nSubsidies: DRAC Normandie \u2022 R\u00e9gion Normandie \u2022 Conseil d\u00e9partemental de la Seine-Maritime (CD76)\u2022 ODIA<\/p>\n<p><b>SOCIAL<br \/>\n<\/b>Facebook : https:\/\/www.facebook.com\/marceletsesdrolesdefemmes\/<br \/>\nInstagram : https:\/\/www.instagram.com\/marceletsesdrolesdefemmes\/<\/p>\n","protected":false},"excerpt":{"rendered":"<p>Friday, 20 June \u2013 8:00 pm<br \/>Park \u2013 Outdoors \u2013 Big stunts<\/p>\n","protected":false},"author":1,"featured_media":5216,"comment_status":"closed","ping_status":"closed","sticky":false,"template":"","format":"standard","meta":{"_acf_changed":false,"footnotes":""},"categories":[80],"tags":[],"class_list":["post-5283","post","type-post","status-publish","format-standard","has-post-thumbnail","hentry","category-edizione-2025"],"acf":[],"_links":{"self":[{"href":"https:\/\/terminal-festival.com\/en\/wp-json\/wp\/v2\/posts\/5283","targetHints":{"allow":["GET"]}}],"collection":[{"href":"https:\/\/terminal-festival.com\/en\/wp-json\/wp\/v2\/posts"}],"about":[{"href":"https:\/\/terminal-festival.com\/en\/wp-json\/wp\/v2\/types\/post"}],"author":[{"embeddable":true,"href":"https:\/\/terminal-festival.com\/en\/wp-json\/wp\/v2\/users\/1"}],"replies":[{"embeddable":true,"href":"https:\/\/terminal-festival.com\/en\/wp-json\/wp\/v2\/comments?post=5283"}],"version-history":[{"count":2,"href":"https:\/\/terminal-festival.com\/en\/wp-json\/wp\/v2\/posts\/5283\/revisions"}],"predecessor-version":[{"id":5286,"href":"https:\/\/terminal-festival.com\/en\/wp-json\/wp\/v2\/posts\/5283\/revisions\/5286"}],"wp:featuredmedia":[{"embeddable":true,"href":"https:\/\/terminal-festival.com\/en\/wp-json\/wp\/v2\/media\/5216"}],"wp:attachment":[{"href":"https:\/\/terminal-festival.com\/en\/wp-json\/wp\/v2\/media?parent=5283"}],"wp:term":[{"taxonomy":"category","embeddable":true,"href":"https:\/\/terminal-festival.com\/en\/wp-json\/wp\/v2\/categories?post=5283"},{"taxonomy":"post_tag","embeddable":true,"href":"https:\/\/terminal-festival.com\/en\/wp-json\/wp\/v2\/tags?post=5283"}],"curies":[{"name":"wp","href":"https:\/\/api.w.org\/{rel}","templated":true}]}}